{"id":6072,"date":"2026-09-02T14:22:21","date_gmt":"2026-09-02T12:22:21","guid":{"rendered":"https:\/\/consportoalegre.esteri.it\/?p=6072"},"modified":"2026-09-03T13:44:06","modified_gmt":"2026-09-03T11:44:06","slug":"visita-do-consul-geral-a-camara-de-comercio","status":"publish","type":"post","link":"https:\/\/consportoalegre.esteri.it\/pt\/news\/dal_consolato\/2026\/09\/visita-do-consul-geral-a-camara-de-comercio\/","title":{"rendered":"Visita do C\u00f4nsul-Geral \u00e0 C\u00e2mara de Com\u00e9rcio"},"content":{"rendered":"<p><span class=\"HwtZe\" lang=\"pt\"><span class=\"jCAhz ChMk0b\"><span class=\"ryNqvb\">O C\u00f4nsul-Geral Luis Cavalieri visitou \u00e0 C\u00e2mara de Com\u00e9rcio Italiana do Rio Grande do Sul. Com 67 anos de intensa atividade e mais de 175 membros, a C\u00e2mara continua sendo a refer\u00eancia para as rela\u00e7\u00f5es comerciais entre a It\u00e1lia e o Rio Grande do Sul.<\/span><\/span><\/span><\/p>\n<p>&nbsp;<\/p>\n","protected":false},"excerpt":{"rendered":"O C\u00f4nsul-Geral Luis Cavalieri visitou \u00e0 C\u00e2mara de Com\u00e9rcio Italiana do Rio Grande do Sul. Com 67 anos de intensa atividade e mais de 175 membros, a C\u00e2mara continua sendo a refer\u00eancia para as rela\u00e7\u00f5es comerciais entre a It\u00e1lia e o Rio Grande do Sul. &nbsp;","protected":false},"author":6,"featured_media":6064,"comment_status":"closed","ping_status":"closed","sticky":false,"template":"","format":"standard","meta":{"footnotes":""},"tags":[],"class_list":["post-6072","post","type-post","status-publish","format-standard","has-post-thumbnail","hentry"],"_links":{"self":[{"href":"https:\/\/consportoalegre.esteri.it\/pt\/wp-json\/wp\/v2\/posts\/6072","targetHints":{"allow":["GET"]}}],"collection":[{"href":"https:\/\/consportoalegre.esteri.it\/pt\/wp-json\/wp\/v2\/posts"}],"about":[{"href":"https:\/\/consportoalegre.esteri.it\/pt\/wp-json\/wp\/v2\/types\/post"}],"author":[{"embeddable":true,"href":"https:\/\/consportoalegre.esteri.it\/pt\/wp-json\/wp\/v2\/users\/6"}],"replies":[{"embeddable":true,"href":"https:\/\/consportoalegre.esteri.it\/pt\/wp-json\/wp\/v2\/comments?post=6072"}],"version-history":[{"count":1,"href":"https:\/\/consportoalegre.esteri.it\/pt\/wp-json\/wp\/v2\/posts\/6072\/revisions"}],"predecessor-version":[{"id":6073,"href":"https:\/\/consportoalegre.esteri.it\/pt\/wp-json\/wp\/v2\/posts\/6072\/revisions\/6073"}],"wp:featuredmedia":[{"embeddable":true,"href":"https:\/\/consportoalegre.esteri.it\/pt\/wp-json\/wp\/v2\/media\/6064"}],"wp:attachment":[{"href":"https:\/\/consportoalegre.esteri.it\/pt\/wp-json\/wp\/v2\/media?parent=6072"}],"wp:term":[{"taxonomy":"post_tag","embeddable":true,"href":"https:\/\/consportoalegre.esteri.it\/pt\/wp-json\/wp\/v2\/tags?post=6072"}],"curies":[{"name":"wp","href":"https:\/\/api.w.org\/{rel}","templated":true}]}}