{"id":6058,"date":"2026-09-01T14:55:17","date_gmt":"2026-09-01T12:55:17","guid":{"rendered":"https:\/\/consportoalegre.esteri.it\/?p=6058"},"modified":"2026-09-02T14:59:33","modified_gmt":"2026-09-02T12:59:33","slug":"consul-geral-luis-cavalieri-visita-o-governador-leite","status":"publish","type":"post","link":"https:\/\/consportoalegre.esteri.it\/pt\/news\/dal_consolato\/2026\/09\/consul-geral-luis-cavalieri-visita-o-governador-leite\/","title":{"rendered":"C\u00f4nsul Geral Luis Cavalieri visita o Governador Leite"},"content":{"rendered":"<p>Poucos dias ap\u00f3s sua chegada a Porto Alegre, o C\u00f4nsul Geral Luis Cavalieri foi recebido pelo Governador do Estado do Rio Grande do Sul, Eduardo Leite. Durante o encontro cordial, foram discutidos os principais temas das rela\u00e7\u00f5es comerciais entre o Estado e a It\u00e1lia, bem como quest\u00f5es relativas \u00e0 grande coletividade italiana e de origem italiana residente no Rio Grande do Sul.<\/p>\n","protected":false},"excerpt":{"rendered":"Poucos dias ap\u00f3s sua chegada a Porto Alegre, o C\u00f4nsul Geral Luis Cavalieri foi recebido pelo Governador do Estado do Rio Grande do Sul, Eduardo Leite. Durante o encontro cordial, foram discutidos os principais temas das rela\u00e7\u00f5es comerciais entre o Estado e a It\u00e1lia, bem como quest\u00f5es relativas \u00e0 grande coletividade italiana e de origem [&hellip;]","protected":false},"author":6,"featured_media":6045,"comment_status":"closed","ping_status":"closed","sticky":false,"template":"","format":"standard","meta":{"footnotes":""},"tags":[],"class_list":["post-6058","post","type-post","status-publish","format-standard","has-post-thumbnail","hentry"],"_links":{"self":[{"href":"https:\/\/consportoalegre.esteri.it\/pt\/wp-json\/wp\/v2\/posts\/6058","targetHints":{"allow":["GET"]}}],"collection":[{"href":"https:\/\/consportoalegre.esteri.it\/pt\/wp-json\/wp\/v2\/posts"}],"about":[{"href":"https:\/\/consportoalegre.esteri.it\/pt\/wp-json\/wp\/v2\/types\/post"}],"author":[{"embeddable":true,"href":"https:\/\/consportoalegre.esteri.it\/pt\/wp-json\/wp\/v2\/users\/6"}],"replies":[{"embeddable":true,"href":"https:\/\/consportoalegre.esteri.it\/pt\/wp-json\/wp\/v2\/comments?post=6058"}],"version-history":[{"count":1,"href":"https:\/\/consportoalegre.esteri.it\/pt\/wp-json\/wp\/v2\/posts\/6058\/revisions"}],"predecessor-version":[{"id":6061,"href":"https:\/\/consportoalegre.esteri.it\/pt\/wp-json\/wp\/v2\/posts\/6058\/revisions\/6061"}],"wp:featuredmedia":[{"embeddable":true,"href":"https:\/\/consportoalegre.esteri.it\/pt\/wp-json\/wp\/v2\/media\/6045"}],"wp:attachment":[{"href":"https:\/\/consportoalegre.esteri.it\/pt\/wp-json\/wp\/v2\/media?parent=6058"}],"wp:term":[{"taxonomy":"post_tag","embeddable":true,"href":"https:\/\/consportoalegre.esteri.it\/pt\/wp-json\/wp\/v2\/tags?post=6058"}],"curies":[{"name":"wp","href":"https:\/\/api.w.org\/{rel}","templated":true}]}}