{"id":5609,"date":"2026-04-28T16:46:50","date_gmt":"2026-04-28T14:46:50","guid":{"rendered":"https:\/\/consportoalegre.esteri.it\/?p=5609"},"modified":"2026-04-28T16:50:38","modified_gmt":"2026-04-28T14:50:38","slug":"comunicado-mudanca-da-sede-do-consulado-geral-da-italia-em-porto-alegre","status":"publish","type":"post","link":"https:\/\/consportoalegre.esteri.it\/pt\/news\/dal_consolato\/2026\/04\/comunicado-mudanca-da-sede-do-consulado-geral-da-italia-em-porto-alegre\/","title":{"rendered":"COMUNICADO &#8211; Mudan\u00e7a da sede do Consulado-Geral da It\u00e1lia em Porto Alegre"},"content":{"rendered":"<p>O Consulado-Geral da It\u00e1lia em Porto Alegre comunica que, a partir do dia 4 de maio de 2026, os servi\u00e7os consulares estar\u00e3o temporariamente suspensos em raz\u00e3o da mudan\u00e7a para a nova sede institucional.<\/p>\n<p>As atividades ser\u00e3o retomadas regularmente a partir do dia 11 de maio de 2026, no novo endere\u00e7o:<br \/>\n<strong>Av. Loureiro da Silva, 1940 \u2013 Porto Alegre, RS<\/strong><\/p>\n<p>Agradecemos a compreens\u00e3o e a colabora\u00e7\u00e3o de todos.<\/p>\n","protected":false},"excerpt":{"rendered":"O Consulado-Geral da It\u00e1lia em Porto Alegre comunica que, a partir do dia 4 de maio de 2026, os servi\u00e7os consulares estar\u00e3o temporariamente suspensos em raz\u00e3o da mudan\u00e7a para a nova sede institucional. As atividades ser\u00e3o retomadas regularmente a partir do dia 11 de maio de 2026, no novo endere\u00e7o: Av. Loureiro da Silva, 1940 [&hellip;]","protected":false},"author":6,"featured_media":5606,"comment_status":"closed","ping_status":"closed","sticky":false,"template":"","format":"standard","meta":{"footnotes":""},"tags":[],"class_list":["post-5609","post","type-post","status-publish","format-standard","has-post-thumbnail","hentry"],"_links":{"self":[{"href":"https:\/\/consportoalegre.esteri.it\/pt\/wp-json\/wp\/v2\/posts\/5609","targetHints":{"allow":["GET"]}}],"collection":[{"href":"https:\/\/consportoalegre.esteri.it\/pt\/wp-json\/wp\/v2\/posts"}],"about":[{"href":"https:\/\/consportoalegre.esteri.it\/pt\/wp-json\/wp\/v2\/types\/post"}],"author":[{"embeddable":true,"href":"https:\/\/consportoalegre.esteri.it\/pt\/wp-json\/wp\/v2\/users\/6"}],"replies":[{"embeddable":true,"href":"https:\/\/consportoalegre.esteri.it\/pt\/wp-json\/wp\/v2\/comments?post=5609"}],"version-history":[{"count":2,"href":"https:\/\/consportoalegre.esteri.it\/pt\/wp-json\/wp\/v2\/posts\/5609\/revisions"}],"predecessor-version":[{"id":5613,"href":"https:\/\/consportoalegre.esteri.it\/pt\/wp-json\/wp\/v2\/posts\/5609\/revisions\/5613"}],"wp:featuredmedia":[{"embeddable":true,"href":"https:\/\/consportoalegre.esteri.it\/pt\/wp-json\/wp\/v2\/media\/5606"}],"wp:attachment":[{"href":"https:\/\/consportoalegre.esteri.it\/pt\/wp-json\/wp\/v2\/media?parent=5609"}],"wp:term":[{"taxonomy":"post_tag","embeddable":true,"href":"https:\/\/consportoalegre.esteri.it\/pt\/wp-json\/wp\/v2\/tags?post=5609"}],"curies":[{"name":"wp","href":"https:\/\/api.w.org\/{rel}","templated":true}]}}