{"id":4610,"date":"2025-04-24T22:03:46","date_gmt":"2025-04-24T20:03:46","guid":{"rendered":"https:\/\/consportoalegre.esteri.it\/?p=4610"},"modified":"2025-04-24T22:06:34","modified_gmt":"2025-04-24T20:06:34","slug":"consulado-geral-da-italia-realiza-roteiro-de-visitas-no-rio-grande-do-sul-com-confederacao-italiana-de-agricultura","status":"publish","type":"post","link":"https:\/\/consportoalegre.esteri.it\/pt\/news\/dal_consolato\/2025\/04\/consulado-geral-da-italia-realiza-roteiro-de-visitas-no-rio-grande-do-sul-com-confederacao-italiana-de-agricultura\/","title":{"rendered":"Consulado-Geral da It\u00e1lia realiza roteiro de visitas no Rio Grande do Sul com confedera\u00e7\u00e3o italiana de agricultura"},"content":{"rendered":"<p>As oportunidades de coopera\u00e7\u00e3o e parcerias entre Brasil e It\u00e1lia na agricultura s\u00e3o alguns dos objetivos do vice-presidente da FerderUnacoma (Federazione Nazionale<br \/>\nCostruttori Macchine per l\u2019Agricoltura, o equivalente \u00e0 Confedera\u00e7\u00e3o Nacional de Agricultura), Fabio Ricci, em sua visita ao estado. O italiano est\u00e1 sendo acompanhado pelo<br \/>\nc\u00f4nsul-geral do pa\u00eds no Rio Grande do Sul, Valerio Caruso, que fez o convite para o conterr\u00e2neo conhecer os diversos cen\u00e1rios que envolvem a economia ga\u00facha no segmento.<\/p>\n<p>O roteiro iniciou nesta quinta-feira (24) e se estende at\u00e9 o pr\u00f3ximo domingo (27). A vinda de Ricci estava programada ainda para o ano passado, mas foi suspensa devido \u00e0s enchentes. A primeira agenda de Caruso e Ricci foi um almo\u00e7o com empres\u00e1rios da Serra, em Caxias do Sul, na tarde desta quinta. Ap\u00f3s, ambos estiveram com o prefeito Adil\u00f3 Didom\u00eanico, representantes de entidades e l\u00edderes empresariais e acad\u00eamicos, em uma troca de informa\u00e7\u00f5es fundamental para o setor rural local. Para Caruso, a vinda de Ricci \u00e9 um momento prop\u00edcio para estreitar os la\u00e7os e demonstrar as possibilidades de ajuda m\u00fatua em<br \/>\ntodos os mercados.<\/p>\n<p>\u201cVivemos em um mundo em cont\u00ednua transforma\u00e7\u00e3o. A perspectiva de aproximar cada vez mais as rela\u00e7\u00f5es entre Rio Grande do Sul e It\u00e1lia e demonstrar que o estado est\u00e1 aberto para investimentos e parcerias, \u00e9 de vital import\u00e2ncia. Estamos em um ano chave, com a retomada da C\u00e2mara do Com\u00e9rcio e as tratativas para o voo direto Porto Alegre-Roma, entre outros temas que tratamos diariamente para intensificar os neg\u00f3cios \u00edtalo-brasileiros\u201d, aponta o c\u00f4nsul-geral.<\/p>\n<p>Para o vice-presidente da FerderUnacoma, vir ao RS, logo no primeiro ano ap\u00f3s um momento t\u00e3o dif\u00edcil quanto as enchentes de 2024, \u00e9 um sinal da vontade de ajudar na reconstru\u00e7\u00e3o do estado e buscar meios de fortalecer as rela\u00e7\u00f5es comerciais e, claro, na agricultura.<\/p>\n<p>\u201c\u00c9 uma grande alegria visitar este maravilhoso territ\u00f3rio do Rio Grande do Sul, conhecido tamb\u00e9m por suas excel\u00eancias agr\u00edcolas, especialmente no setor hortifruti. Essa visita representa uma oportunidade importante de aproxima\u00e7\u00e3o e de explorar novas possibilidades de coopera\u00e7\u00e3o. Reafirmamos nosso compromisso de fortalecer o desenvolvimento econ\u00f4mico, agr\u00edcola e comercial nesta regi\u00e3o\u201d, afirmou.<\/p>\n<p>Depois de Caxias, o roteiro de Ricci no RS segue at\u00e9 domingo, com visitas \u00e0 empresa Tramontina, em Carlos Barbosa, e a vin\u00edcolas do Vale dos Vinhedos, em Bento Gon\u00e7alves. Nesta sexta-feira (25), ele ainda participa de reuni\u00e3o-almo\u00e7o na Federa\u00e7\u00e3o da Agricultura do Estado do Rio Grande do Sul (Farsul).<\/p>\n","protected":false},"excerpt":{"rendered":"As oportunidades de coopera\u00e7\u00e3o e parcerias entre Brasil e It\u00e1lia na agricultura s\u00e3o alguns dos objetivos do vice-presidente da FerderUnacoma (Federazione Nazionale Costruttori Macchine per l\u2019Agricoltura, o equivalente \u00e0 Confedera\u00e7\u00e3o Nacional de Agricultura), Fabio Ricci, em sua visita ao estado. O italiano est\u00e1 sendo acompanhado pelo c\u00f4nsul-geral do pa\u00eds no Rio Grande do Sul, Valerio [&hellip;]","protected":false},"author":6,"featured_media":4607,"comment_status":"closed","ping_status":"closed","sticky":false,"template":"","format":"standard","meta":{"footnotes":""},"tags":[],"class_list":["post-4610","post","type-post","status-publish","format-standard","has-post-thumbnail","hentry"],"_links":{"self":[{"href":"https:\/\/consportoalegre.esteri.it\/pt\/wp-json\/wp\/v2\/posts\/4610","targetHints":{"allow":["GET"]}}],"collection":[{"href":"https:\/\/consportoalegre.esteri.it\/pt\/wp-json\/wp\/v2\/posts"}],"about":[{"href":"https:\/\/consportoalegre.esteri.it\/pt\/wp-json\/wp\/v2\/types\/post"}],"author":[{"embeddable":true,"href":"https:\/\/consportoalegre.esteri.it\/pt\/wp-json\/wp\/v2\/users\/6"}],"replies":[{"embeddable":true,"href":"https:\/\/consportoalegre.esteri.it\/pt\/wp-json\/wp\/v2\/comments?post=4610"}],"version-history":[{"count":1,"href":"https:\/\/consportoalegre.esteri.it\/pt\/wp-json\/wp\/v2\/posts\/4610\/revisions"}],"predecessor-version":[{"id":4612,"href":"https:\/\/consportoalegre.esteri.it\/pt\/wp-json\/wp\/v2\/posts\/4610\/revisions\/4612"}],"wp:featuredmedia":[{"embeddable":true,"href":"https:\/\/consportoalegre.esteri.it\/pt\/wp-json\/wp\/v2\/media\/4607"}],"wp:attachment":[{"href":"https:\/\/consportoalegre.esteri.it\/pt\/wp-json\/wp\/v2\/media?parent=4610"}],"wp:term":[{"taxonomy":"post_tag","embeddable":true,"href":"https:\/\/consportoalegre.esteri.it\/pt\/wp-json\/wp\/v2\/tags?post=4610"}],"curies":[{"name":"wp","href":"https:\/\/api.w.org\/{rel}","templated":true}]}}