{"id":4179,"date":"2025-01-16T20:34:06","date_gmt":"2025-01-16T19:34:06","guid":{"rendered":"https:\/\/consportoalegre.esteri.it\/?p=4179"},"modified":"2025-01-20T22:50:16","modified_gmt":"2025-01-20T21:50:16","slug":"rio-grande-do-sul-da-inicio-as-comemoracoes-dos-150-anos-da-imigracao-italiana","status":"publish","type":"post","link":"https:\/\/consportoalegre.esteri.it\/pt\/news\/dal_consolato\/2025\/01\/rio-grande-do-sul-da-inicio-as-comemoracoes-dos-150-anos-da-imigracao-italiana\/","title":{"rendered":"Rio Grande do Sul d\u00e1 inicio \u00e0s comemora\u00e7\u00f5es dos 150 anos da imigra\u00e7\u00e3o italiana"},"content":{"rendered":"<p>Os festejos que marcam o sesquicenten\u00e1rio da chegada dos primeiros imigrantes italianos no Rio Grande do Sul foram lan\u00e7ados oficialmente nesta quinta-feira (16) em Bento Gon\u00e7alves. A solenidade contou com a presen\u00e7a de autoridades governamentais e legislativas, al\u00e9m de representantes da comunidade italiana. Com o slogan &#8220;Nossa hist\u00f3ria \u00e9 feita de futuros&#8221;, a Comiss\u00e3o Oficial dos 150 anos da imigra\u00e7\u00e3o italiana, presidida pelo secret\u00e1rio de Justi\u00e7a, Cidadania e Direitos Humanos (SJDCH), Fabricio Guazzelli Peruchin, divulgou o calend\u00e1rio dos eventos que ser\u00e3o realizados ao longo deste ano, a logomarca e o site das comemora\u00e7\u00f5es.<\/p>\n<p>Em seu discurso, o C\u00f4nsul-Geral da It\u00e1lia em Porto Alegre, Valerio Caruso, destacou o valor simb\u00f3lico do sesquicenten\u00e1rio, que festeja a cultura italiana em um estado onde 40% da popula\u00e7\u00e3o \u00e9 \u00edtalo-descendente, e a import\u00e2ncia de a\u00e7\u00f5es para estimular a retomada econ\u00f4mica ap\u00f3s as enchentes de maio passado. J\u00e1 o vice-governador do Rio Grande do Sul, Gabriel Souza, agradeceu ao diplomata italiano, pelo trabalho desenvolvido, lembrando a hist\u00f3rica visita do presidente da Rep\u00fablica italiana, Sergio Mattarella, a Porto Alegre, ocasi\u00e3o que serviu para refor\u00e7ar a solidariedade e os la\u00e7os entre o pa\u00eds europeu e o estado ga\u00facho e que abriu novas perspectivas de colabora\u00e7\u00e3o bilateral.<\/p>\n<p>Durante a cerim\u00f4nia tamb\u00e9m foi inaugurada a Rota Pipa Parade 2025, maior exposi\u00e7\u00e3o de arte ao ar livre da Serra Ga\u00facha que re\u00fane 30 artistas que fizeram obras de arte em barris de 225 litros de vinho e que poder\u00e1 ser visitada at\u00e9 o dia 7 de mar\u00e7o. Outro destaque da programa\u00e7\u00e3o foi a abertura oficial da colheita da uva em Bento Gon\u00e7alves. A expectativa \u00e9 de que o estado, maior produtor de uva e de vinhos do Brasil, produza 700 mil toneladas nesta safra. S\u00e3o cerca de 48 mil hectares de \u00e1rea cultivada e a atividade envolve mais de 15 mil fam\u00edlias em munic\u00edpios da Serra e Campanha.<\/p>\n<p>&nbsp;<\/p>\n","protected":false},"excerpt":{"rendered":"Os festejos que marcam o sesquicenten\u00e1rio da chegada dos primeiros imigrantes italianos no Rio Grande do Sul foram lan\u00e7ados oficialmente nesta quinta-feira (16) em Bento Gon\u00e7alves. A solenidade contou com a presen\u00e7a de autoridades governamentais e legislativas, al\u00e9m de representantes da comunidade italiana. Com o slogan &#8220;Nossa hist\u00f3ria \u00e9 feita de futuros&#8221;, a Comiss\u00e3o Oficial [&hellip;]","protected":false},"author":6,"featured_media":4167,"comment_status":"closed","ping_status":"closed","sticky":false,"template":"","format":"standard","meta":{"footnotes":""},"tags":[],"class_list":["post-4179","post","type-post","status-publish","format-standard","has-post-thumbnail","hentry"],"_links":{"self":[{"href":"https:\/\/consportoalegre.esteri.it\/pt\/wp-json\/wp\/v2\/posts\/4179","targetHints":{"allow":["GET"]}}],"collection":[{"href":"https:\/\/consportoalegre.esteri.it\/pt\/wp-json\/wp\/v2\/posts"}],"about":[{"href":"https:\/\/consportoalegre.esteri.it\/pt\/wp-json\/wp\/v2\/types\/post"}],"author":[{"embeddable":true,"href":"https:\/\/consportoalegre.esteri.it\/pt\/wp-json\/wp\/v2\/users\/6"}],"replies":[{"embeddable":true,"href":"https:\/\/consportoalegre.esteri.it\/pt\/wp-json\/wp\/v2\/comments?post=4179"}],"version-history":[{"count":4,"href":"https:\/\/consportoalegre.esteri.it\/pt\/wp-json\/wp\/v2\/posts\/4179\/revisions"}],"predecessor-version":[{"id":4188,"href":"https:\/\/consportoalegre.esteri.it\/pt\/wp-json\/wp\/v2\/posts\/4179\/revisions\/4188"}],"wp:featuredmedia":[{"embeddable":true,"href":"https:\/\/consportoalegre.esteri.it\/pt\/wp-json\/wp\/v2\/media\/4167"}],"wp:attachment":[{"href":"https:\/\/consportoalegre.esteri.it\/pt\/wp-json\/wp\/v2\/media?parent=4179"}],"wp:term":[{"taxonomy":"post_tag","embeddable":true,"href":"https:\/\/consportoalegre.esteri.it\/pt\/wp-json\/wp\/v2\/tags?post=4179"}],"curies":[{"name":"wp","href":"https:\/\/api.w.org\/{rel}","templated":true}]}}