{"id":3302,"date":"2024-05-09T18:56:01","date_gmt":"2024-05-09T16:56:01","guid":{"rendered":"https:\/\/consportoalegre.esteri.it\/?p=3302"},"modified":"2024-05-10T20:08:07","modified_gmt":"2024-05-10T18:08:07","slug":"sos-rio-grande-do-sul","status":"publish","type":"post","link":"https:\/\/consportoalegre.esteri.it\/pt\/news\/dal_consolato\/2024\/05\/sos-rio-grande-do-sul\/","title":{"rendered":"SOS Rio Grande do Sul"},"content":{"rendered":"<p>O Consulado-Geral da It\u00e1lia em Porto Alegre agradece as manifesta\u00e7\u00f5es de solidariedade e de ajuda e informa que \u00e9 poss\u00edvel fazer doa\u00e7\u00f5es da It\u00e1lia diretamente para o governo do Rio Grande do Sul por meio de transfer\u00eancia banc\u00e1ria para a conta corrente SOS Rio Grande do Sul.<\/p>\n<p>Doa\u00e7\u00e3o em euros:<\/p>\n<p>Banco Standard Chartered &#8211; Frankfurt<\/p>\n<p>Swift: SCBLDEFX<\/p>\n<p>Conta: 007358304<\/p>\n<p>IBAN: BR5392702067001000645423206C1<\/p>\n<p>Nome: Associa\u00e7\u00e3o dos Bancos no Estado do Rio Grande do Sul<\/p>\n<p>CNPJ:<br \/>\n92.958.800\/0001-38<\/p>\n<p>O Comit\u00ea Gestor da conta SOS Rio Grande do Sul foi institu\u00eddo pelo Decreto-Lei n\u00ba 57.601 do Governo do Estado do Rio Grande do Sul com o objetivo de definir os crit\u00e9rios e as a\u00e7\u00f5es para a distribui\u00e7\u00e3o das doa\u00e7\u00f5es destinadas \u00e0s v\u00edtimas das enchentes.<\/p>\n","protected":false},"excerpt":{"rendered":"O Consulado-Geral da It\u00e1lia em Porto Alegre agradece as manifesta\u00e7\u00f5es de solidariedade e de ajuda e informa que \u00e9 poss\u00edvel fazer doa\u00e7\u00f5es da It\u00e1lia diretamente para o governo do Rio Grande do Sul por meio de transfer\u00eancia banc\u00e1ria para a conta corrente SOS Rio Grande do Sul. Doa\u00e7\u00e3o em euros: Banco Standard Chartered &#8211; Frankfurt [&hellip;]","protected":false},"author":6,"featured_media":3299,"comment_status":"closed","ping_status":"closed","sticky":false,"template":"","format":"standard","meta":{"footnotes":""},"tags":[],"class_list":["post-3302","post","type-post","status-publish","format-standard","has-post-thumbnail","hentry"],"_links":{"self":[{"href":"https:\/\/consportoalegre.esteri.it\/pt\/wp-json\/wp\/v2\/posts\/3302","targetHints":{"allow":["GET"]}}],"collection":[{"href":"https:\/\/consportoalegre.esteri.it\/pt\/wp-json\/wp\/v2\/posts"}],"about":[{"href":"https:\/\/consportoalegre.esteri.it\/pt\/wp-json\/wp\/v2\/types\/post"}],"author":[{"embeddable":true,"href":"https:\/\/consportoalegre.esteri.it\/pt\/wp-json\/wp\/v2\/users\/6"}],"replies":[{"embeddable":true,"href":"https:\/\/consportoalegre.esteri.it\/pt\/wp-json\/wp\/v2\/comments?post=3302"}],"version-history":[{"count":2,"href":"https:\/\/consportoalegre.esteri.it\/pt\/wp-json\/wp\/v2\/posts\/3302\/revisions"}],"predecessor-version":[{"id":3304,"href":"https:\/\/consportoalegre.esteri.it\/pt\/wp-json\/wp\/v2\/posts\/3302\/revisions\/3304"}],"wp:featuredmedia":[{"embeddable":true,"href":"https:\/\/consportoalegre.esteri.it\/pt\/wp-json\/wp\/v2\/media\/3299"}],"wp:attachment":[{"href":"https:\/\/consportoalegre.esteri.it\/pt\/wp-json\/wp\/v2\/media?parent=3302"}],"wp:term":[{"taxonomy":"post_tag","embeddable":true,"href":"https:\/\/consportoalegre.esteri.it\/pt\/wp-json\/wp\/v2\/tags?post=3302"}],"curies":[{"name":"wp","href":"https:\/\/api.w.org\/{rel}","templated":true}]}}