{"id":4605,"date":"2025-04-24T22:03:46","date_gmt":"2025-04-24T20:03:46","guid":{"rendered":"https:\/\/consportoalegre.esteri.it\/?p=4605"},"modified":"2025-04-24T22:03:46","modified_gmt":"2025-04-24T20:03:46","slug":"il-consolato-generale-ditalia-a-porto-alegre-promuove-missione-istituzionale-nel-rio-grande-do-sul-con-la-federunacoma","status":"publish","type":"post","link":"https:\/\/consportoalegre.esteri.it\/it\/news\/dal_consolato\/2025\/04\/il-consolato-generale-ditalia-a-porto-alegre-promuove-missione-istituzionale-nel-rio-grande-do-sul-con-la-federunacoma\/","title":{"rendered":"Il Consolato Generale d\u2019Italia a Porto Alegre promuove missione istituzionale nel Rio Grande do Sul con la FederUnacoma"},"content":{"rendered":"<p>Il Consolato Generale d\u2019Italia a Porto Alegre ha avviato un\u2019importante missione istituzionale nel Rio Grande do Sul insieme al vice-presidente della FederUnacoma (Federazione Nazionale Costruttori Macchine per l\u2019Agricoltura), Fabio Ricci. L\u2019iniziativa, promossa dal Console Generale Valerio Caruso, mira a incentivare la cooperazione e le partnership tra Italia e lo stato del Rio Grande do Sul nel settore agricolo.<\/p>\n<p>Il programma, che si svolge dal 24 al 27 aprile, prevede tappe nelle citt\u00e0 di Porto Alegre, Caxias do Sul, Carlos Barbosa e Bento Gon\u00e7alves. La visita, inizialmente prevista per il 2024 ma rinviata a causa delle alluvioni, \u00e8 stata accolta con entusiasmo da istituzioni e imprenditori locali.<\/p>\n<p>&#8220;La presenza del vice-presidente Ricci rappresenta un\u2019opportunit\u00e0 concreta per rafforzare i legami economici e agricoli tra l\u2019Italia e il Rio Grande do Sul&#8221;, ha dichiarato Caruso, sottolineando l\u2019importanza strategica del 2025 per la ripresa delle attivit\u00e0 della Camera di Commercio italiana e per i negoziati sul volo diretto Porto Alegre-Roma.<\/p>\n<p>Il programma comprende incontri con autorit\u00e0 locali, una visita all\u2019azienda Tramontina a Carlos Barbosa, riunioni con la FARSUL e visite a importanti realt\u00e0 vinicole locali.<\/p>\n<p>\u201c\u00c8 un grande onore essere qui. Il Rio Grande do Sul \u00e8 una regione di eccellenza agricola e questa visita rappresenta un passo fondamentale per lo sviluppo di nuove forme di collaborazione,\u201d ha dichiarato Ricci.<\/p>\n","protected":false},"excerpt":{"rendered":"Il Consolato Generale d\u2019Italia a Porto Alegre ha avviato un\u2019importante missione istituzionale nel Rio Grande do Sul insieme al vice-presidente della FederUnacoma (Federazione Nazionale Costruttori Macchine per l\u2019Agricoltura), Fabio Ricci. L\u2019iniziativa, promossa dal Console Generale Valerio Caruso, mira a incentivare la cooperazione e le partnership tra Italia e lo stato del Rio Grande do Sul [&hellip;]","protected":false},"author":6,"featured_media":4607,"comment_status":"closed","ping_status":"closed","sticky":false,"template":"","format":"standard","meta":{"footnotes":""},"tags":[],"class_list":["post-4605","post","type-post","status-publish","format-standard","has-post-thumbnail","hentry"],"_links":{"self":[{"href":"https:\/\/consportoalegre.esteri.it\/it\/wp-json\/wp\/v2\/posts\/4605","targetHints":{"allow":["GET"]}}],"collection":[{"href":"https:\/\/consportoalegre.esteri.it\/it\/wp-json\/wp\/v2\/posts"}],"about":[{"href":"https:\/\/consportoalegre.esteri.it\/it\/wp-json\/wp\/v2\/types\/post"}],"author":[{"embeddable":true,"href":"https:\/\/consportoalegre.esteri.it\/it\/wp-json\/wp\/v2\/users\/6"}],"replies":[{"embeddable":true,"href":"https:\/\/consportoalegre.esteri.it\/it\/wp-json\/wp\/v2\/comments?post=4605"}],"version-history":[{"count":1,"href":"https:\/\/consportoalegre.esteri.it\/it\/wp-json\/wp\/v2\/posts\/4605\/revisions"}],"predecessor-version":[{"id":4608,"href":"https:\/\/consportoalegre.esteri.it\/it\/wp-json\/wp\/v2\/posts\/4605\/revisions\/4608"}],"wp:featuredmedia":[{"embeddable":true,"href":"https:\/\/consportoalegre.esteri.it\/it\/wp-json\/wp\/v2\/media\/4607"}],"wp:attachment":[{"href":"https:\/\/consportoalegre.esteri.it\/it\/wp-json\/wp\/v2\/media?parent=4605"}],"wp:term":[{"taxonomy":"post_tag","embeddable":true,"href":"https:\/\/consportoalegre.esteri.it\/it\/wp-json\/wp\/v2\/tags?post=4605"}],"curies":[{"name":"wp","href":"https:\/\/api.w.org\/{rel}","templated":true}]}}